{"id":1359,"date":"2026-04-07T14:21:20","date_gmt":"2026-04-07T14:21:20","guid":{"rendered":"https:\/\/www.eecmr.com\/?p=1359"},"modified":"2026-04-07T14:21:20","modified_gmt":"2026-04-07T14:21:20","slug":"construction-du-nouvel-immeuble-siege-de-leec-un-elan-de-foi-et-dunite-au-centenaire","status":"publish","type":"post","link":"https:\/\/www.eecmr.com\/en\/2026\/04\/07\/construction-du-nouvel-immeuble-siege-de-leec-un-elan-de-foi-et-dunite-au-centenaire\/","title":{"rendered":"Construction du nouvel immeuble si\u00e8ge de l\u2019EEC : un \u00e9lan de foi et d\u2019unit\u00e9 au Centenaire"},"content":{"rendered":"<p><\/p>\n\n\n\n<p>La mythique paroisse du Centenaire a servi de cadre, le samedi 28 mars 2026, au lancement solennel du culte d\u2019appel de fonds pour la construction du nouvel immeuble si\u00e8ge de l\u2019\u00c9glise \u00c9vang\u00e9lique du Cameroun (EEC). Un moment historique qui a mobilis\u00e9 responsables nationaux, r\u00e9gionaux, invit\u00e9s de marque et fid\u00e8les, tous venus r\u00e9pondre \u00e0 l\u2019appel du Pr\u00e9sident d\u2019\u00c9glise, le pasteur Alexandre BILLA MBENGA.<\/p>\n\n\n\n<p>La c\u00e9r\u00e9monie a d\u00e9but\u00e9 dans une atmosph\u00e8re de recueillement et de reconnaissance, avec une pri\u00e8re d\u2019action de gr\u00e2ces dite dans l\u2019actuel b\u00e2timent de la direction. Ce temps spirituel, charg\u00e9 d\u2019\u00e9motion, a permis de rendre gr\u00e2ce \u00e0 Dieu pour le chemin parcouru par l\u2019EEC et de confier \u00e0 Sa providence ce projet d\u2019envergure. Dans une communion fraternelle, les fid\u00e8les ont ensuite converg\u00e9 vers le temple du Centenaire pour la suite du programme.<\/p>\n\n\n\n<p>Au c\u0153ur du culte d\u2019appel de fonds, la ferveur \u00e9tait palpable. Entre chants de louange, moments d\u2019adoration, pr\u00e9dication inspir\u00e9e et actions de gr\u00e2ces, l\u2019assembl\u00e9e a v\u00e9cu un temps fort de spiritualit\u00e9 et d\u2019engagement. Le message d\u00e9livr\u00e9 a rappel\u00e9 l\u2019importance de b\u00e2tir non seulement des \u00e9difices physiques, mais aussi une \u00c9glise unie, forte et tourn\u00e9e vers l\u2019avenir.<\/p>\n\n\n\n<p>Moment cl\u00e9 de la rencontre, la collecte des contributions a t\u00e9moign\u00e9 de la g\u00e9n\u00e9rosit\u00e9 et de l\u2019attachement des fid\u00e8les \u00e0 leur \u00c9glise. Pour ce lancement, une somme de 42 011 500 FCFA a \u00e9t\u00e9 mobilis\u00e9e en esp\u00e8ces, \u00e0 laquelle s\u2019ajoutent plus de 3 millions de FCFA en promesses de dons. Un r\u00e9sultat significatif, qui traduit la d\u00e9termination collective \u00e0 voir aboutir ce projet structurant.<\/p>\n\n\n\n<p>Au-del\u00e0 des chiffres, cet \u00e9lan de solidarit\u00e9 appara\u00eet comme un symbole fort de l\u2019unit\u00e9 retrouv\u00e9e de l\u2019EEC. Longtemps attendue, la construction du nouvel immeuble si\u00e8ge se pr\u00e9sente d\u00e9sormais comme un projet f\u00e9d\u00e9rateur, capable de rassembler toutes les forces vives de l\u2019\u00c9glise autour d\u2019une vision commune.<\/p>\n\n\n\n<p>En lan\u00e7ant officiellement cet appel de fonds, l\u2019EEC \u00e9crit une nouvelle page de son histoire. Une page marqu\u00e9e par la foi, la mobilisation et l\u2019esp\u00e9rance, o\u00f9 chaque contribution, quelle que soit son ampleur, participe \u00e0 l\u2019\u00e9dification d\u2019un h\u00e9ritage durable pour les g\u00e9n\u00e9rations futures.<\/p>\n\n\n\n<div class=\"wp-block-media-text is-stacked-on-mobile\"><figure class=\"wp-block-media-text__media\"><video controls src=\"https:\/\/www.eecmr.com\/wp-content\/uploads\/2026\/04\/C-A-F-1.mp4\"><\/video><\/figure><div class=\"wp-block-media-text__content\">\n<p><\/p>\n<\/div><\/div>","protected":false},"excerpt":{"rendered":"<p>La mythique paroisse du Centenaire a servi de cadre, le samedi 28 mars 2026, au lancement solennel du culte d\u2019appel de fonds pour la construction du nouvel immeuble si\u00e8ge de l\u2019\u00c9glise \u00c9vang\u00e9lique du Cameroun (EEC). Un moment historique qui a mobilis\u00e9 responsables nationaux, r\u00e9gionaux, invit\u00e9s de marque et fid\u00e8les, tous venus r\u00e9pondre \u00e0 l\u2019appel du Pr\u00e9sident d\u2019\u00c9glise, le pasteur Alexandre [&hellip;]<\/p>","protected":false},"author":10,"featured_media":0,"comment_status":"open","ping_status":"open","sticky":false,"template":"","format":"standard","meta":{"footnotes":""},"categories":[1],"tags":[74,73,72,58,71],"class_list":["post-1359","post","type-post","status-publish","format-standard","hentry","category-uncategorized","tag-28-mars","tag-centenaire","tag-culte-dappel-de-fonds","tag-douala","tag-immeuble-siege"],"rttpg_featured_image_url":null,"rttpg_author":{"display_name":"ALEX","author_link":"https:\/\/www.eecmr.com\/en\/author\/alex\/"},"rttpg_comment":0,"rttpg_category":"<a href=\"https:\/\/www.eecmr.com\/en\/category\/uncategorized\/\" rel=\"category tag\">Uncategorized<\/a>","rttpg_excerpt":"La mythique paroisse du Centenaire a servi de cadre, le samedi 28 mars 2026, au lancement solennel du culte d\u2019appel de fonds pour la construction du nouvel immeuble si\u00e8ge de l\u2019\u00c9glise \u00c9vang\u00e9lique du Cameroun (EEC). Un moment historique qui a mobilis\u00e9 responsables nationaux, r\u00e9gionaux, invit\u00e9s de marque et fid\u00e8les, tous venus r\u00e9pondre \u00e0 l\u2019appel du&hellip;","_links":{"self":[{"href":"https:\/\/www.eecmr.com\/en\/wp-json\/wp\/v2\/posts\/1359","targetHints":{"allow":["GET"]}}],"collection":[{"href":"https:\/\/www.eecmr.com\/en\/wp-json\/wp\/v2\/posts"}],"about":[{"href":"https:\/\/www.eecmr.com\/en\/wp-json\/wp\/v2\/types\/post"}],"author":[{"embeddable":true,"href":"https:\/\/www.eecmr.com\/en\/wp-json\/wp\/v2\/users\/10"}],"replies":[{"embeddable":true,"href":"https:\/\/www.eecmr.com\/en\/wp-json\/wp\/v2\/comments?post=1359"}],"version-history":[{"count":1,"href":"https:\/\/www.eecmr.com\/en\/wp-json\/wp\/v2\/posts\/1359\/revisions"}],"predecessor-version":[{"id":1362,"href":"https:\/\/www.eecmr.com\/en\/wp-json\/wp\/v2\/posts\/1359\/revisions\/1362"}],"wp:attachment":[{"href":"https:\/\/www.eecmr.com\/en\/wp-json\/wp\/v2\/media?parent=1359"}],"wp:term":[{"taxonomy":"category","embeddable":true,"href":"https:\/\/www.eecmr.com\/en\/wp-json\/wp\/v2\/categories?post=1359"},{"taxonomy":"post_tag","embeddable":true,"href":"https:\/\/www.eecmr.com\/en\/wp-json\/wp\/v2\/tags?post=1359"}],"curies":[{"name":"wp","href":"https:\/\/api.w.org\/{rel}","templated":true}]}}