{"id":1363,"date":"2026-04-08T10:31:28","date_gmt":"2026-04-08T10:31:28","guid":{"rendered":"https:\/\/www.eecmr.com\/?p=1363"},"modified":"2026-04-08T10:31:28","modified_gmt":"2026-04-08T10:31:28","slug":"63e-synode-general-de-leec-a-mbouda-une-eglise-en-marche-entre-reformes-et-renouveau-missionnaire","status":"publish","type":"post","link":"https:\/\/www.eecmr.com\/en\/2026\/04\/08\/63e-synode-general-de-leec-a-mbouda-une-eglise-en-marche-entre-reformes-et-renouveau-missionnaire\/","title":{"rendered":"63e Synode g\u00e9n\u00e9ral de l\u2019EEC \u00e0 Mbouda : une \u00c9glise en marche, entre r\u00e9formes et renouveau missionnaire"},"content":{"rendered":"<figure class=\"wp-block-image size-full\"><img fetchpriority=\"high\" decoding=\"async\" width=\"1020\" height=\"768\" src=\"https:\/\/www.eecmr.com\/wp-content\/uploads\/2026\/04\/image.png\" alt=\"\" class=\"wp-image-1364\" srcset=\"https:\/\/www.eecmr.com\/wp-content\/uploads\/2026\/04\/image.png 1020w, https:\/\/www.eecmr.com\/wp-content\/uploads\/2026\/04\/image-300x226.png 300w, https:\/\/www.eecmr.com\/wp-content\/uploads\/2026\/04\/image-768x578.png 768w, https:\/\/www.eecmr.com\/wp-content\/uploads\/2026\/04\/image-16x12.png 16w, https:\/\/www.eecmr.com\/wp-content\/uploads\/2026\/04\/image-80x60.png 80w\" sizes=\"(max-width: 1020px) 100vw, 1020px\" \/><\/figure>\n\n\n\n<p><strong>Les lampions se sont \u00e9teints au Temple de Mbouda Centre, au terme du 63e Synode g\u00e9n\u00e9ral ordinaire de l\u2019\u00c9glise \u00c9vang\u00e9lique du Cameroun (EEC) le 01<sup>er<\/sup> Mars 2026. Pendant quatre jours, la ville a v\u00e9cu au rythme d\u2019intenses moments de pri\u00e8re, de r\u00e9flexion et de prises de d\u00e9cisions majeures, dans une atmosph\u00e8re \u00e0 la fois studieuse et fraternelle. Une rencontre d\u2019envergure qui aura r\u00e9uni clerg\u00e9, d\u00e9l\u00e9gu\u00e9s la\u00efcs et responsables d\u2019\u0153uvres autour d\u2019un objectif commun : renforcer la vitalit\u00e9 et la cr\u00e9dibilit\u00e9 de l\u2019\u00c9glise dans un environnement en constante mutation.<\/strong><\/p>\n\n\n\n<p><strong>D\u00e8s l\u2019ouverture des travaux, le ton \u00e9tait donn\u00e9. Entre m\u00e9ditations profondes et sessions en commissions, les participants ont scrut\u00e9 avec lucidit\u00e9 les r\u00e9alit\u00e9s de l\u2019\u00c9glise. Les rapports d\u2019activit\u00e9s ont permis de mesurer les avanc\u00e9es enregistr\u00e9es, mais aussi de mettre en lumi\u00e8re les d\u00e9fis persistants, notamment sur le plan financier et organisationnel. Les d\u00e9bats, parfois vifs, se sont n\u00e9anmoins d\u00e9roul\u00e9s dans un esprit de responsabilit\u00e9 et d\u2019\u00e9coute mutuelle, traduisant la maturit\u00e9 d\u2019une \u00c9glise consciente des enjeux de son temps.<\/strong><\/p>\n\n\n\n<p><strong>Au c\u0153ur des \u00e9changes, la question de la gouvernance eccl\u00e9siale a occup\u00e9 une place centrale. Les synodaux ont insist\u00e9 sur la n\u00e9cessit\u00e9 de renforcer la discipline interne, d\u2019am\u00e9liorer les m\u00e9canismes de gestion et de consolider la transparence dans la conduite des affaires. Dans le m\u00eame \u00e9lan, un accent particulier a \u00e9t\u00e9 mis sur la redynamisation de l\u2019\u00e9vang\u00e9lisation, appelant \u00e0 une pr\u00e9sence plus active de l\u2019\u00c9glise au sein des communaut\u00e9s, notamment aupr\u00e8s des jeunes et des couches les plus vuln\u00e9rables.<\/strong><\/p>\n\n\n\n<p><strong>Mais le moment le plus marquant de ce synode restera sans doute la cons\u00e9cration de 21 nouveaux pasteurs. Dans une c\u00e9l\u00e9bration empreinte de solennit\u00e9, ces nouveaux ouvriers ont publiquement r\u00e9pondu \u00e0 l\u2019appel au Saint minist\u00e8re. Visiblement \u00e9mus, ils se sont engag\u00e9s \u00e0 servir avec fid\u00e9lit\u00e9, humilit\u00e9 et d\u00e9vouement, sous le regard bienveillant de leurs a\u00een\u00e9s et de l\u2019ensemble de l\u2019assembl\u00e9e. Cet acte fort symbolise non seulement la continuit\u00e9 du minist\u00e8re pastoral, mais aussi l\u2019esp\u00e9rance plac\u00e9e en une nouvelle g\u00e9n\u00e9ration appel\u00e9e \u00e0 porter la mission de l\u2019\u00c9glise.<\/strong><\/p>\n\n\n\n<p><strong>Avec d\u00e9sormais plus de 600 pasteurs en activit\u00e9, l\u2019EEC confirme son dynamisme et sa capacit\u00e9 \u00e0 se renouveler. L\u2019int\u00e9gration de ces nouveaux serviteurs vient renforcer un dispositif pastoral d\u00e9j\u00e0 dense, tout en ouvrant de nouvelles perspectives pour l\u2019annonce de l\u2019\u00c9vangile dans un contexte marqu\u00e9 par de profondes mutations sociales et culturelles.<\/strong><\/p>\n\n\n\n<p><strong>Au terme des travaux, les r\u00e9solutions adopt\u00e9es traduisent une volont\u00e9 claire : celle de b\u00e2tir une \u00c9glise plus structur\u00e9e, plus engag\u00e9e et davantage tourn\u00e9e vers sa mission premi\u00e8re. Les participants repartent ainsi avec le sentiment du devoir accompli, mais aussi avec la conscience que les d\u00e9fis restent nombreux et n\u00e9cessitent un engagement continu.<\/strong><\/p>\n\n\n\n<p><strong>Mbouda referme donc les pages de ce 63e Synode g\u00e9n\u00e9ral avec une note d\u2019esp\u00e9rance. Une esp\u00e9rance nourrie par l\u2019unit\u00e9 retrouv\u00e9e, les d\u00e9cisions prises et les engagements renouvel\u00e9s. Cap est d\u00e9sormais mis sur 2027, dans la r\u00e9gion synodale du Centre et Sud 2, pour une nouvelle \u00e9tape dans la marche de l\u2019\u00c9glise \u00c9vang\u00e9lique du Cameroun, r\u00e9solument tourn\u00e9e vers l\u2019avenir.<\/strong><\/p>","protected":false},"excerpt":{"rendered":"<p>Les lampions se sont \u00e9teints au Temple de Mbouda Centre, au terme du 63e Synode g\u00e9n\u00e9ral ordinaire de l\u2019\u00c9glise \u00c9vang\u00e9lique du Cameroun (EEC) le 01er Mars 2026. Pendant quatre jours, la ville a v\u00e9cu au rythme d\u2019intenses moments de pri\u00e8re, de r\u00e9flexion et de prises de d\u00e9cisions majeures, dans une atmosph\u00e8re \u00e0 la fois studieuse et fraternelle. Une rencontre d\u2019envergure [&hellip;]<\/p>","protected":false},"author":10,"featured_media":0,"comment_status":"open","ping_status":"open","sticky":false,"template":"","format":"standard","meta":{"footnotes":""},"categories":[1],"tags":[78,75,77,66,76],"class_list":["post-1363","post","type-post","status-publish","format-standard","hentry","category-uncategorized","tag-78","tag-63e-synode-general","tag-consecration-pastorale","tag-eec","tag-mbouda"],"rttpg_featured_image_url":null,"rttpg_author":{"display_name":"ALEX","author_link":"https:\/\/www.eecmr.com\/en\/author\/alex\/"},"rttpg_comment":0,"rttpg_category":"<a href=\"https:\/\/www.eecmr.com\/en\/category\/uncategorized\/\" rel=\"category tag\">Uncategorized<\/a>","rttpg_excerpt":"Les lampions se sont \u00e9teints au Temple de Mbouda Centre, au terme du 63e Synode g\u00e9n\u00e9ral ordinaire de l\u2019\u00c9glise \u00c9vang\u00e9lique du Cameroun (EEC) le 01er Mars 2026. Pendant quatre jours, la ville a v\u00e9cu au rythme d\u2019intenses moments de pri\u00e8re, de r\u00e9flexion et de prises de d\u00e9cisions majeures, dans une atmosph\u00e8re \u00e0 la fois studieuse&hellip;","_links":{"self":[{"href":"https:\/\/www.eecmr.com\/en\/wp-json\/wp\/v2\/posts\/1363","targetHints":{"allow":["GET"]}}],"collection":[{"href":"https:\/\/www.eecmr.com\/en\/wp-json\/wp\/v2\/posts"}],"about":[{"href":"https:\/\/www.eecmr.com\/en\/wp-json\/wp\/v2\/types\/post"}],"author":[{"embeddable":true,"href":"https:\/\/www.eecmr.com\/en\/wp-json\/wp\/v2\/users\/10"}],"replies":[{"embeddable":true,"href":"https:\/\/www.eecmr.com\/en\/wp-json\/wp\/v2\/comments?post=1363"}],"version-history":[{"count":1,"href":"https:\/\/www.eecmr.com\/en\/wp-json\/wp\/v2\/posts\/1363\/revisions"}],"predecessor-version":[{"id":1365,"href":"https:\/\/www.eecmr.com\/en\/wp-json\/wp\/v2\/posts\/1363\/revisions\/1365"}],"wp:attachment":[{"href":"https:\/\/www.eecmr.com\/en\/wp-json\/wp\/v2\/media?parent=1363"}],"wp:term":[{"taxonomy":"category","embeddable":true,"href":"https:\/\/www.eecmr.com\/en\/wp-json\/wp\/v2\/categories?post=1363"},{"taxonomy":"post_tag","embeddable":true,"href":"https:\/\/www.eecmr.com\/en\/wp-json\/wp\/v2\/tags?post=1363"}],"curies":[{"name":"wp","href":"https:\/\/api.w.org\/{rel}","templated":true}]}}