{"id":1366,"date":"2026-04-09T10:24:34","date_gmt":"2026-04-09T10:24:34","guid":{"rendered":"https:\/\/www.eecmr.com\/?p=1366"},"modified":"2026-04-09T10:24:34","modified_gmt":"2026-04-09T10:24:34","slug":"il-y-a-25-ans-cinq-femmes-entraient-dans-lhistoire-de-leglise-evangelique-du-cameroun","status":"publish","type":"post","link":"https:\/\/www.eecmr.com\/en\/2026\/04\/09\/il-y-a-25-ans-cinq-femmes-entraient-dans-lhistoire-de-leglise-evangelique-du-cameroun\/","title":{"rendered":"Il y a 25 ans, cinq femmes entraient dans l\u2019histoire de l\u2019\u00c9glise \u00c9vang\u00e9lique du Cameroun"},"content":{"rendered":"<p>Le 04 mars 2001 constitue une date charni\u00e8re dans l\u2019histoire de l\u2019\u00c9glise \u00c9vang\u00e9lique du Cameroun. Ce jour-l\u00e0, l\u2019institution eccl\u00e9siale \u00e9crivait une nouvelle page de son parcours en consacrant, pour la toute premi\u00e8re fois, cinq femmes au saint minist\u00e8re pastoral. Un acte fort, porteur d\u2019esp\u00e9rance, qui marquait \u00e0 la fois une avanc\u00e9e spirituelle et une \u00e9volution significative des mentalit\u00e9s au sein de la communaut\u00e9 chr\u00e9tienne.<\/p>\n\n\n\n<p>Vingt-cinq ans plus tard, alors que le mois de mars c\u00e9l\u00e8bre la femme \u00e0 travers le monde, cette date r\u00e9sonne avec une intensit\u00e9 particuli\u00e8re. Elle rappelle l\u2019audace de celles qui ont r\u00e9pondu \u00e0 l\u2019appel divin dans un contexte encore peu ouvert \u00e0 la pleine reconnaissance du minist\u00e8re pastoral f\u00e9minin. Esther MBONDO EBENYE, Abestine SOPJIO MEMIAFO, Frieda MOUTNGUI, Albertine NGANKOU et Jacqueline TOWO ne sont pas seulement des noms inscrits dans les archives ; elles sont les pionni\u00e8res d\u2019un tournant d\u00e9cisif, des figures inspirantes dont les parcours t\u00e9moignent de la foi, de la pers\u00e9v\u00e9rance et d\u2019un engagement sans faille.<\/p>\n\n\n\n<p>Leur cons\u00e9cration, intervenue le 04 mars 2001, allait bien au-del\u00e0 d\u2019une simple c\u00e9r\u00e9monie liturgique. Elle traduisait une volont\u00e9 affirm\u00e9e de reconna\u00eetre les dons et les vocations f\u00e9minines dans toute leur pl\u00e9nitude. En ouvrant ainsi les portes du pastorat aux femmes, l\u2019EEC posait un acte proph\u00e9tique, en phase avec l\u2019\u00e9volution de la soci\u00e9t\u00e9, mais surtout fid\u00e8le \u00e0 une lecture inclusive de l\u2019\u00c9vangile, o\u00f9 l\u2019appel de Dieu ne conna\u00eet ni barri\u00e8re de genre ni limite culturelle.<\/p>\n\n\n\n<p>Au fil des ann\u00e9es, ces cinq femmes pasteures ont incarn\u00e9 cette vision avec fid\u00e9lit\u00e9 et d\u00e9vouement. Elles ont servi dans diverses paroisses, souvent dans des contextes exigeants, accompagnant les fid\u00e8les dans leurs joies comme dans leurs \u00e9preuves. Par leur pr\u00e9dication, leur \u00e9coute pastorale, leur engagement dans la formation et leur implication dans la vie communautaire, elles ont contribu\u00e9 \u00e0 renforcer l\u2019\u00e9dification spirituelle de l\u2019\u00c9glise. Leur pr\u00e9sence a \u00e9galement permis de renouveler les approches pastorales, en apportant une sensibilit\u00e9 et une proximit\u00e9 qui ont enrichi la mission globale de l\u2019EEC.<\/p>\n\n\n\n<p>Mais au-del\u00e0 de leur propre minist\u00e8re, leur impact s\u2019est \u00e9tendu \u00e0 toute une g\u00e9n\u00e9ration. En osant franchir ce seuil, elles ont ouvert la voie \u00e0 de nombreuses jeunes femmes qui, aujourd\u2019hui, r\u00e9pondent \u00e0 l\u2019appel de Dieu avec plus de confiance et de s\u00e9r\u00e9nit\u00e9. Elles ont d\u00e9montr\u00e9 que le service pastoral est avant tout une question de vocation, de comp\u00e9tence et de disponibilit\u00e9, et non de genre.<\/p>\n\n\n\n<p>C\u00e9l\u00e9brer ce jubil\u00e9 d\u2019argent, c\u2019est donc bien plus qu\u2019un simple retour sur le pass\u00e9. C\u2019est un acte de reconnaissance envers Dieu pour le chemin parcouru, mais aussi envers ces pionni\u00e8res qui ont accept\u00e9 de porter une vision parfois contest\u00e9e. C\u2019est \u00e9galement une invitation \u00e0 poursuivre l\u2019\u0153uvre engag\u00e9e, en continuant de promouvoir une \u00c9glise inclusive, fid\u00e8le \u00e0 sa mission et attentive aux signes des temps.<\/p>\n\n\n\n<p>En ce 04 mars, l\u2019\u00c9glise \u00c9vang\u00e9lique du Cameroun ne se contente pas de comm\u00e9morer une date historique. Elle c\u00e9l\u00e8bre une vision devenue r\u00e9alit\u00e9, un h\u00e9ritage spirituel f\u00e9cond et une dynamique de transformation toujours \u00e0 l\u2019\u0153uvre. Car l\u2019histoire de l\u2019\u00c9glise s\u2019\u00e9crit, jour apr\u00e8s jour, avec des femmes et des hommes appel\u00e9s \u00e0 servir, chacun selon le don re\u00e7u, pour la gloire de Dieu et l\u2019\u00e9dification de sa communaut\u00e9.<\/p>\n\n\n\n<figure class=\"wp-block-gallery has-nested-images columns-default is-cropped wp-block-gallery-1 is-layout-flex wp-block-gallery-is-layout-flex\">\n<figure class=\"wp-block-image size-large\"><img fetchpriority=\"high\" decoding=\"async\" width=\"1024\" height=\"684\" data-id=\"1373\" src=\"https:\/\/www.eecmr.com\/wp-content\/uploads\/2026\/04\/DSC_9232-1-1024x684.jpg\" alt=\"\" class=\"wp-image-1373\" srcset=\"https:\/\/www.eecmr.com\/wp-content\/uploads\/2026\/04\/DSC_9232-1-1024x684.jpg 1024w, https:\/\/www.eecmr.com\/wp-content\/uploads\/2026\/04\/DSC_9232-1-300x200.jpg 300w, https:\/\/www.eecmr.com\/wp-content\/uploads\/2026\/04\/DSC_9232-1-768x513.jpg 768w, https:\/\/www.eecmr.com\/wp-content\/uploads\/2026\/04\/DSC_9232-1-1536x1025.jpg 1536w, https:\/\/www.eecmr.com\/wp-content\/uploads\/2026\/04\/DSC_9232-1-2048x1367.jpg 2048w, https:\/\/www.eecmr.com\/wp-content\/uploads\/2026\/04\/DSC_9232-1-18x12.jpg 18w\" sizes=\"(max-width: 1024px) 100vw, 1024px\" \/><\/figure>\n\n\n\n<figure class=\"wp-block-image size-large\"><img decoding=\"async\" width=\"768\" height=\"1024\" data-id=\"1370\" src=\"https:\/\/www.eecmr.com\/wp-content\/uploads\/2026\/04\/WhatsApp-Image-2026-03-04-at-11.23.44-768x1024.jpeg\" alt=\"\" class=\"wp-image-1370\" srcset=\"https:\/\/www.eecmr.com\/wp-content\/uploads\/2026\/04\/WhatsApp-Image-2026-03-04-at-11.23.44-768x1024.jpeg 768w, https:\/\/www.eecmr.com\/wp-content\/uploads\/2026\/04\/WhatsApp-Image-2026-03-04-at-11.23.44-225x300.jpeg 225w, https:\/\/www.eecmr.com\/wp-content\/uploads\/2026\/04\/WhatsApp-Image-2026-03-04-at-11.23.44-9x12.jpeg 9w, https:\/\/www.eecmr.com\/wp-content\/uploads\/2026\/04\/WhatsApp-Image-2026-03-04-at-11.23.44.jpeg 810w\" sizes=\"(max-width: 768px) 100vw, 768px\" \/><\/figure>\n\n\n\n<figure class=\"wp-block-image size-large\"><img decoding=\"async\" width=\"804\" height=\"1024\" data-id=\"1372\" src=\"https:\/\/www.eecmr.com\/wp-content\/uploads\/2026\/04\/WhatsApp-Image-2026-03-04-at-11.29.38-1-804x1024.jpeg\" alt=\"\" class=\"wp-image-1372\" srcset=\"https:\/\/www.eecmr.com\/wp-content\/uploads\/2026\/04\/WhatsApp-Image-2026-03-04-at-11.29.38-1-804x1024.jpeg 804w, https:\/\/www.eecmr.com\/wp-content\/uploads\/2026\/04\/WhatsApp-Image-2026-03-04-at-11.29.38-1-236x300.jpeg 236w, https:\/\/www.eecmr.com\/wp-content\/uploads\/2026\/04\/WhatsApp-Image-2026-03-04-at-11.29.38-1-768x978.jpeg 768w, https:\/\/www.eecmr.com\/wp-content\/uploads\/2026\/04\/WhatsApp-Image-2026-03-04-at-11.29.38-1-9x12.jpeg 9w, https:\/\/www.eecmr.com\/wp-content\/uploads\/2026\/04\/WhatsApp-Image-2026-03-04-at-11.29.38-1.jpeg 1005w\" sizes=\"(max-width: 804px) 100vw, 804px\" \/><\/figure>\n\n\n\n<figure class=\"wp-block-image size-large\"><img loading=\"lazy\" decoding=\"async\" width=\"925\" height=\"1024\" data-id=\"1369\" src=\"https:\/\/www.eecmr.com\/wp-content\/uploads\/2026\/04\/WhatsApp-Image-2026-03-04-at-11.30.05.jpeg\" alt=\"\" class=\"wp-image-1369\" srcset=\"https:\/\/www.eecmr.com\/wp-content\/uploads\/2026\/04\/WhatsApp-Image-2026-03-04-at-11.30.05.jpeg 925w, https:\/\/www.eecmr.com\/wp-content\/uploads\/2026\/04\/WhatsApp-Image-2026-03-04-at-11.30.05-271x300.jpeg 271w, https:\/\/www.eecmr.com\/wp-content\/uploads\/2026\/04\/WhatsApp-Image-2026-03-04-at-11.30.05-768x850.jpeg 768w, https:\/\/www.eecmr.com\/wp-content\/uploads\/2026\/04\/WhatsApp-Image-2026-03-04-at-11.30.05-11x12.jpeg 11w\" sizes=\"(max-width: 925px) 100vw, 925px\" \/><\/figure>\n\n\n\n<figure class=\"wp-block-image size-large\"><img loading=\"lazy\" decoding=\"async\" width=\"768\" height=\"1024\" data-id=\"1371\" src=\"https:\/\/www.eecmr.com\/wp-content\/uploads\/2026\/04\/WhatsApp-Image-2026-03-04-at-11.30.28-768x1024.jpeg\" alt=\"\" class=\"wp-image-1371\" srcset=\"https:\/\/www.eecmr.com\/wp-content\/uploads\/2026\/04\/WhatsApp-Image-2026-03-04-at-11.30.28-768x1023.jpeg 768w, https:\/\/www.eecmr.com\/wp-content\/uploads\/2026\/04\/WhatsApp-Image-2026-03-04-at-11.30.28-225x300.jpeg 225w, https:\/\/www.eecmr.com\/wp-content\/uploads\/2026\/04\/WhatsApp-Image-2026-03-04-at-11.30.28-1153x1536.jpeg 1153w, https:\/\/www.eecmr.com\/wp-content\/uploads\/2026\/04\/WhatsApp-Image-2026-03-04-at-11.30.28-9x12.jpeg 9w, https:\/\/www.eecmr.com\/wp-content\/uploads\/2026\/04\/WhatsApp-Image-2026-03-04-at-11.30.28.jpeg 1200w\" sizes=\"(max-width: 768px) 100vw, 768px\" \/><\/figure>\n<\/figure>","protected":false},"excerpt":{"rendered":"<p>Le 04 mars 2001 constitue une date charni\u00e8re dans l\u2019histoire de l\u2019\u00c9glise \u00c9vang\u00e9lique du Cameroun. Ce jour-l\u00e0, l\u2019institution eccl\u00e9siale \u00e9crivait une nouvelle page de son parcours en consacrant, pour la toute premi\u00e8re fois, cinq femmes au saint minist\u00e8re pastoral. Un acte fort, porteur d\u2019esp\u00e9rance, qui marquait \u00e0 la fois une avanc\u00e9e spirituelle et une \u00e9volution significative des mentalit\u00e9s au sein [&hellip;]<\/p>","protected":false},"author":10,"featured_media":0,"comment_status":"open","ping_status":"open","sticky":false,"template":"","format":"standard","meta":{"footnotes":""},"categories":[2],"tags":[81,80,66,79,82],"class_list":["post-1366","post","type-post","status-publish","format-standard","hentry","category-blog","tag-81","tag-consecration","tag-eec","tag-femmes-pasteures","tag-pionnieres"],"rttpg_featured_image_url":null,"rttpg_author":{"display_name":"ALEX","author_link":"https:\/\/www.eecmr.com\/en\/author\/alex\/"},"rttpg_comment":0,"rttpg_category":"<a href=\"https:\/\/www.eecmr.com\/en\/category\/blog\/\" rel=\"category tag\">Blog<\/a>","rttpg_excerpt":"Le 04 mars 2001 constitue une date charni\u00e8re dans l\u2019histoire de l\u2019\u00c9glise \u00c9vang\u00e9lique du Cameroun. Ce jour-l\u00e0, l\u2019institution eccl\u00e9siale \u00e9crivait une nouvelle page de son parcours en consacrant, pour la toute premi\u00e8re fois, cinq femmes au saint minist\u00e8re pastoral. Un acte fort, porteur d\u2019esp\u00e9rance, qui marquait \u00e0 la fois une avanc\u00e9e spirituelle et une \u00e9volution&hellip;","_links":{"self":[{"href":"https:\/\/www.eecmr.com\/en\/wp-json\/wp\/v2\/posts\/1366","targetHints":{"allow":["GET"]}}],"collection":[{"href":"https:\/\/www.eecmr.com\/en\/wp-json\/wp\/v2\/posts"}],"about":[{"href":"https:\/\/www.eecmr.com\/en\/wp-json\/wp\/v2\/types\/post"}],"author":[{"embeddable":true,"href":"https:\/\/www.eecmr.com\/en\/wp-json\/wp\/v2\/users\/10"}],"replies":[{"embeddable":true,"href":"https:\/\/www.eecmr.com\/en\/wp-json\/wp\/v2\/comments?post=1366"}],"version-history":[{"count":1,"href":"https:\/\/www.eecmr.com\/en\/wp-json\/wp\/v2\/posts\/1366\/revisions"}],"predecessor-version":[{"id":1374,"href":"https:\/\/www.eecmr.com\/en\/wp-json\/wp\/v2\/posts\/1366\/revisions\/1374"}],"wp:attachment":[{"href":"https:\/\/www.eecmr.com\/en\/wp-json\/wp\/v2\/media?parent=1366"}],"wp:term":[{"taxonomy":"category","embeddable":true,"href":"https:\/\/www.eecmr.com\/en\/wp-json\/wp\/v2\/categories?post=1366"},{"taxonomy":"post_tag","embeddable":true,"href":"https:\/\/www.eecmr.com\/en\/wp-json\/wp\/v2\/tags?post=1366"}],"curies":[{"name":"wp","href":"https:\/\/api.w.org\/{rel}","templated":true}]}}