{"id":1375,"date":"2026-04-13T13:14:45","date_gmt":"2026-04-13T13:14:45","guid":{"rendered":"https:\/\/www.eecmr.com\/?p=1375"},"modified":"2026-04-13T13:14:45","modified_gmt":"2026-04-13T13:14:45","slug":"mbouo-bandjoun-des-acteurs-de-leducation-formes-a-la-rigueur-administrative","status":"publish","type":"post","link":"https:\/\/www.eecmr.com\/en\/2026\/04\/13\/mbouo-bandjoun-des-acteurs-de-leducation-formes-a-la-rigueur-administrative\/","title":{"rendered":"Mbouo-Bandjoun : des acteurs de l\u2019\u00e9ducation form\u00e9s \u00e0 la rigueur administrative"},"content":{"rendered":"<figure class=\"wp-block-image size-full\"><img fetchpriority=\"high\" decoding=\"async\" width=\"1020\" height=\"768\" src=\"https:\/\/www.eecmr.com\/wp-content\/uploads\/2026\/04\/WhatsApp-Image-2026-04-13-at-11.29.58.jpeg\" alt=\"\" class=\"wp-image-1376\" srcset=\"https:\/\/www.eecmr.com\/wp-content\/uploads\/2026\/04\/WhatsApp-Image-2026-04-13-at-11.29.58.jpeg 1020w, https:\/\/www.eecmr.com\/wp-content\/uploads\/2026\/04\/WhatsApp-Image-2026-04-13-at-11.29.58-300x226.jpeg 300w, https:\/\/www.eecmr.com\/wp-content\/uploads\/2026\/04\/WhatsApp-Image-2026-04-13-at-11.29.58-768x578.jpeg 768w, https:\/\/www.eecmr.com\/wp-content\/uploads\/2026\/04\/WhatsApp-Image-2026-04-13-at-11.29.58-16x12.jpeg 16w, https:\/\/www.eecmr.com\/wp-content\/uploads\/2026\/04\/WhatsApp-Image-2026-04-13-at-11.29.58-80x60.jpeg 80w\" sizes=\"(max-width: 1020px) 100vw, 1020px\" \/><\/figure>\n\n\n\n<p>Du 08 au 10 avril 2026, le <strong>Centre Polyvalent de Formation <\/strong>(CPF) de <em>Mbouo Bandjoun<\/em>,  dans la r\u00e9gion synodale du Koung-Khi, a accueilli un important <em>s\u00e9minaire de renforcement des capacit\u00e9s consacr\u00e9 \u00e0 la r\u00e9daction des documents administratifs<\/em>. Cette initiative s\u2019inscrit dans la dynamique de professionnalisation et d\u2019am\u00e9lioration continue des pratiques au sein des structures \u00e9ducatives de l\u2019\u00c9glise \u00c9vang\u00e9lique du Cameroun.<\/p>\n\n\n\n<p>La c\u00e9r\u00e9monie d\u2019ouverture, pr\u00e9sid\u00e9e par le 2\u1d49 Vice-Pr\u00e9sident charg\u00e9 de la coordination nationale des \u0153uvres, l\u2019Ancien d\u2019\u00c9glise <em>Pascal BAUNI KAMGA<\/em> , a pos\u00e9 les jalons d\u2019une formation ax\u00e9e sur l\u2019excellence. Dans son allocution inaugurale, il a invit\u00e9 les participants \u00e0 s\u2019approprier les proc\u00e9d\u00e9s de la science administrative, insistant sur le r\u00f4le d\u00e9terminant d\u2019une r\u00e9daction rigoureuse dans la cr\u00e9dibilit\u00e9, la tra\u00e7abilit\u00e9 et l\u2019efficacit\u00e9 des institutions.<\/p>\n\n\n\n<p>Le s\u00e9minaire a r\u00e9uni un public vari\u00e9 compos\u00e9 de Directeurs et Principaux d\u2019\u00e9tablissements scolaires, de cadres des services centraux du DSUFOP, ainsi que de plusieurs invit\u00e9s de marque. Parmi eux figurait le Pr\u00e9sident du Conseil National de l\u2019Enseignement, l\u2019Ancien d\u2019\u00c9glise <em>Jean Us TCHINDA <\/em>. \u00c0 leur arriv\u00e9e, les participants ont \u00e9t\u00e9 chaleureusement accueillis par le R\u00e9v\u00e9rend <em>Philippe NGUETE<\/em> , premier responsable de la r\u00e9gion synodale du Koung-Khi, t\u00e9moignant ainsi de l\u2019importance accord\u00e9e \u00e0 cette rencontre.<\/p>\n\n\n\n<p>Durant trois jours, les travaux ont altern\u00e9 entre apports th\u00e9oriques et mises en situation pratiques, permettant une appropriation progressive des contenus. Les modules d\u00e9velopp\u00e9s ont port\u00e9 sur les fondamentaux de la r\u00e9daction administrative, notamment la lettre administrative sous ses diff\u00e9rentes formes, ses \u00e9l\u00e9ments constitutifs et ses exigences formelles. Les participants ont \u00e9galement \u00e9t\u00e9 form\u00e9s \u00e0 la r\u00e9daction de la note administrative et de la note de service, outils indispensables au fonctionnement des services.<\/p>\n\n\n\n<p>Un accent particulier a \u00e9t\u00e9 mis sur les techniques de r\u00e9daction des comptes rendus, qu\u2019ils soient chronologiques, synth\u00e9tiques ou synoptiques, ainsi que sur l\u2019\u00e9laboration du rapport et du proc\u00e8s-verbal. Chaque s\u00e9quence a \u00e9t\u00e9 enrichie par des exercices pratiques et des \u00e9tudes de cas, favorisant une meilleure compr\u00e9hension et une application imm\u00e9diate des connaissances acquises.<\/p>\n\n\n\n<p>Au-del\u00e0 de l\u2019apprentissage technique, ce s\u00e9minaire visait \u00e0 instaurer une culture commune de r\u00e9daction administrative au sein des \u00e9tablissements et services. L\u2019harmonisation des pratiques, la r\u00e9duction des erreurs et l\u2019am\u00e9lioration de la qualit\u00e9 des \u00e9crits professionnels constituent autant d\u2019enjeux majeurs pour renforcer l\u2019efficacit\u00e9 des structures \u00e9ducatives.<\/p>\n\n\n\n<p>Au terme des travaux, les participants repartent mieux outill\u00e9s, munis de mod\u00e8les types et d\u2019une m\u00e9thodologie claire inspir\u00e9e des normes de la science administrative. Ils sont d\u00e9sormais appel\u00e9s \u00e0 mettre en \u0153uvre ces acquis dans leurs diff\u00e9rents milieux professionnels, contribuant ainsi \u00e0 l\u2019\u00e9dification d\u2019une administration plus performante, coh\u00e9rente et cr\u00e9dible.<\/p>\n\n\n\n<p>Ce s\u00e9minaire marque ainsi une \u00e9tape significative dans la qu\u00eate d\u2019excellence administrative port\u00e9e par l\u2019\u00c9glise \u00c9vang\u00e9lique du Cameroun, au service d\u2019un syst\u00e8me \u00e9ducatif plus structur\u00e9 et plus efficace.<\/p>\n\n\n\n<p><\/p>","protected":false},"excerpt":{"rendered":"<p>Du 08 au 10 avril 2026, le Centre Polyvalent de Formation (CPF) de Mbouo Bandjoun, dans la r\u00e9gion synodale du Koung-Khi, a accueilli un important s\u00e9minaire de renforcement des capacit\u00e9s consacr\u00e9 \u00e0 la r\u00e9daction des documents administratifs. Cette initiative s\u2019inscrit dans la dynamique de professionnalisation et d\u2019am\u00e9lioration continue des pratiques au sein des structures \u00e9ducatives de l\u2019\u00c9glise \u00c9vang\u00e9lique du Cameroun. [&hellip;]<\/p>","protected":false},"author":10,"featured_media":0,"comment_status":"open","ping_status":"open","sticky":false,"template":"","format":"standard","meta":{"footnotes":""},"categories":[42],"tags":[86,84,87,85,89,88,83],"class_list":["post-1375","post","type-post","status-publish","format-standard","hentry","category-actu-region","tag-cno","tag-cpf","tag-dsufop","tag-koung-khi","tag-methodologie","tag-redaction-administrative","tag-seminaire"],"rttpg_featured_image_url":null,"rttpg_author":{"display_name":"ALEX","author_link":"https:\/\/www.eecmr.com\/en\/author\/alex\/"},"rttpg_comment":0,"rttpg_category":"<a href=\"https:\/\/www.eecmr.com\/en\/category\/actu-region\/\" rel=\"category tag\">actu region<\/a>","rttpg_excerpt":"Du 08 au 10 avril 2026, le Centre Polyvalent de Formation (CPF) de Mbouo Bandjoun, dans la r\u00e9gion synodale du Koung-Khi, a accueilli un important s\u00e9minaire de renforcement des capacit\u00e9s consacr\u00e9 \u00e0 la r\u00e9daction des documents administratifs. Cette initiative s\u2019inscrit dans la dynamique de professionnalisation et d\u2019am\u00e9lioration continue des pratiques au sein des structures \u00e9ducatives&hellip;","_links":{"self":[{"href":"https:\/\/www.eecmr.com\/en\/wp-json\/wp\/v2\/posts\/1375","targetHints":{"allow":["GET"]}}],"collection":[{"href":"https:\/\/www.eecmr.com\/en\/wp-json\/wp\/v2\/posts"}],"about":[{"href":"https:\/\/www.eecmr.com\/en\/wp-json\/wp\/v2\/types\/post"}],"author":[{"embeddable":true,"href":"https:\/\/www.eecmr.com\/en\/wp-json\/wp\/v2\/users\/10"}],"replies":[{"embeddable":true,"href":"https:\/\/www.eecmr.com\/en\/wp-json\/wp\/v2\/comments?post=1375"}],"version-history":[{"count":1,"href":"https:\/\/www.eecmr.com\/en\/wp-json\/wp\/v2\/posts\/1375\/revisions"}],"predecessor-version":[{"id":1377,"href":"https:\/\/www.eecmr.com\/en\/wp-json\/wp\/v2\/posts\/1375\/revisions\/1377"}],"wp:attachment":[{"href":"https:\/\/www.eecmr.com\/en\/wp-json\/wp\/v2\/media?parent=1375"}],"wp:term":[{"taxonomy":"category","embeddable":true,"href":"https:\/\/www.eecmr.com\/en\/wp-json\/wp\/v2\/categories?post=1375"},{"taxonomy":"post_tag","embeddable":true,"href":"https:\/\/www.eecmr.com\/en\/wp-json\/wp\/v2\/tags?post=1375"}],"curies":[{"name":"wp","href":"https:\/\/api.w.org\/{rel}","templated":true}]}}