{"id":1378,"date":"2026-04-13T13:31:51","date_gmt":"2026-04-13T13:31:51","guid":{"rendered":"https:\/\/www.eecmr.com\/?p=1378"},"modified":"2026-04-13T13:31:51","modified_gmt":"2026-04-13T13:31:51","slug":"subventions-meu-les-beneficiaires-outilles-pour-une-gestion-efficace-au-premier-semestre-2026","status":"publish","type":"post","link":"https:\/\/www.eecmr.com\/en\/2026\/04\/13\/subventions-meu-les-beneficiaires-outilles-pour-une-gestion-efficace-au-premier-semestre-2026\/","title":{"rendered":"Subventions MEU : les b\u00e9n\u00e9ficiaires outill\u00e9s pour une gestion efficace au premier semestre 2026"},"content":{"rendered":"<figure class=\"wp-block-image size-large\"><img fetchpriority=\"high\" decoding=\"async\" width=\"1024\" height=\"462\" src=\"https:\/\/www.eecmr.com\/wp-content\/uploads\/2026\/04\/WhatsApp-Image-2026-04-10-at-18.28.28-1024x462.jpeg\" alt=\"\" class=\"wp-image-1379\" srcset=\"https:\/\/www.eecmr.com\/wp-content\/uploads\/2026\/04\/WhatsApp-Image-2026-04-10-at-18.28.28-1024x462.jpeg 1024w, https:\/\/www.eecmr.com\/wp-content\/uploads\/2026\/04\/WhatsApp-Image-2026-04-10-at-18.28.28-300x135.jpeg 300w, https:\/\/www.eecmr.com\/wp-content\/uploads\/2026\/04\/WhatsApp-Image-2026-04-10-at-18.28.28-768x346.jpeg 768w, https:\/\/www.eecmr.com\/wp-content\/uploads\/2026\/04\/WhatsApp-Image-2026-04-10-at-18.28.28-18x8.jpeg 18w, https:\/\/www.eecmr.com\/wp-content\/uploads\/2026\/04\/WhatsApp-Image-2026-04-10-at-18.28.28.jpeg 1280w\" sizes=\"(max-width: 1024px) 100vw, 1024px\" \/><\/figure>\n\n\n\n<figure class=\"wp-block-image size-full\"><img decoding=\"async\" width=\"1008\" height=\"756\" src=\"https:\/\/www.eecmr.com\/wp-content\/uploads\/2026\/04\/WhatsApp-Image-2026-04-13-at-14.24.36.jpeg\" alt=\"\" class=\"wp-image-1380\" srcset=\"https:\/\/www.eecmr.com\/wp-content\/uploads\/2026\/04\/WhatsApp-Image-2026-04-13-at-14.24.36.jpeg 1008w, https:\/\/www.eecmr.com\/wp-content\/uploads\/2026\/04\/WhatsApp-Image-2026-04-13-at-14.24.36-300x225.jpeg 300w, https:\/\/www.eecmr.com\/wp-content\/uploads\/2026\/04\/WhatsApp-Image-2026-04-13-at-14.24.36-768x576.jpeg 768w, https:\/\/www.eecmr.com\/wp-content\/uploads\/2026\/04\/WhatsApp-Image-2026-04-13-at-14.24.36-16x12.jpeg 16w, https:\/\/www.eecmr.com\/wp-content\/uploads\/2026\/04\/WhatsApp-Image-2026-04-13-at-14.24.36-80x60.jpeg 80w\" sizes=\"(max-width: 1008px) 100vw, 1008px\" \/><\/figure>\n\n\n\n<p>La Salle des Actes a servi de cadre, le vendredi 10 avril 2026, \u00e0 la r\u00e9union des b\u00e9n\u00e9ficiaires des subventions <strong>MEU<\/strong>(Mission Evang\u00e9lique Unie) au titre du premier semestre 2026. Cette rencontre strat\u00e9gique, pr\u00e9sid\u00e9e par <strong>Elie LEUWE<\/strong>, Directeur du D\u00e9veloppement, de la Prospective et des Projets, s\u2019inscrit dans la dynamique de suivi, d\u2019encadrement et d\u2019optimisation des initiatives soutenues par l\u2019institution.<\/p>\n\n\n\n<p>D\u00e8s l\u2019entame des travaux, un accent particulier a \u00e9t\u00e9 mis sur la rigueur organisationnelle, avec une articulation claire des diff\u00e9rentes \u00e9tapes de la rencontre. \u00c0 l\u2019ordre du jour figuraient notamment la pri\u00e8re d\u2019ouverture, le contr\u00f4le de pr\u00e9sence, le mot de bienvenue, la pr\u00e9sentation des informations relatives aux documents administratifs, les divers, la pri\u00e8re finale, ainsi que la mise \u00e0 disposition effective des fonds aux b\u00e9n\u00e9ficiaires.<\/p>\n\n\n\n<p>Dans son propos introductif, le Directeur a rappel\u00e9 l\u2019importance d\u2019une gestion transparente et responsable des subventions accord\u00e9es. Il a insist\u00e9 sur le respect des proc\u00e9dures administratives, condition essentielle pour garantir la cr\u00e9dibilit\u00e9 des projets et assurer leur impact durable au sein des communaut\u00e9s.<\/p>\n\n\n\n<p>Les \u00e9changes, men\u00e9s dans une atmosph\u00e8re \u00e0 la fois studieuse et conviviale, ont permis d\u2019\u00e9clairer les participants sur les exigences li\u00e9es \u00e0 la gestion des financements. Plusieurs points cl\u00e9s ont \u00e9t\u00e9 abord\u00e9s, notamment la constitution des dossiers, la tenue des pi\u00e8ces justificatives, le suivi-\u00e9valuation des activit\u00e9s, ainsi que la production de rapports conformes aux normes \u00e9tablies.<\/p>\n\n\n\n<p>Au-del\u00e0 de l\u2019aspect informatif, cette rencontre s\u2019est \u00e9galement voulue interactive. Elle a offert un cadre d\u2019\u00e9coute et de dialogue, permettant aux b\u00e9n\u00e9ficiaires d\u2019exprimer leurs pr\u00e9occupations, de poser des questions et d\u2019obtenir des clarifications sur les proc\u00e9dures \u00e0 suivre. Une approche participative qui contribue \u00e0 renforcer l\u2019appropriation des m\u00e9canismes de gestion par les acteurs de terrain.<\/p>\n\n\n\n<p>La mise \u00e0 disposition des fonds, moment tr\u00e8s attendu, est venue concr\u00e9tiser l\u2019engagement de l\u2019institution \u00e0 accompagner financi\u00e8rement les initiatives porteuses de d\u00e9veloppement. Elle marque le d\u00e9marrage effectif de la phase op\u00e9rationnelle des projets retenus pour ce premier semestre.<\/p>\n\n\n\n<p>En d\u00e9finitive, cette r\u00e9union constitue une \u00e9tape charni\u00e8re dans le processus de mise en \u0153uvre des projets financ\u00e9s par les subventions <strong>MEU<\/strong>. Elle traduit la volont\u00e9 de l\u2019institution de promouvoir une culture de responsabilit\u00e9, de transparence et de performance, en vue de maximiser l\u2019impact des actions men\u00e9es au b\u00e9n\u00e9fice des communaut\u00e9s.<\/p>","protected":false},"excerpt":{"rendered":"<p>La Salle des Actes a servi de cadre, le vendredi 10 avril 2026, \u00e0 la r\u00e9union des b\u00e9n\u00e9ficiaires des subventions MEU(Mission Evang\u00e9lique Unie) au titre du premier semestre 2026. Cette rencontre strat\u00e9gique, pr\u00e9sid\u00e9e par Elie LEUWE, Directeur du D\u00e9veloppement, de la Prospective et des Projets, s\u2019inscrit dans la dynamique de suivi, d\u2019encadrement et d\u2019optimisation des initiatives soutenues par l\u2019institution. D\u00e8s [&hellip;]<\/p>","protected":false},"author":10,"featured_media":0,"comment_status":"open","ping_status":"open","sticky":false,"template":"","format":"standard","meta":{"footnotes":""},"categories":[21],"tags":[92,93,94,71,91,90],"class_list":["post-1378","post","type-post","status-publish","format-standard","hentry","category-charity","tag-ddpp","tag-elie-leuwe","tag-gestion-transparente-et-responsable","tag-immeuble-siege","tag-partenariat","tag-subvention-meu"],"rttpg_featured_image_url":null,"rttpg_author":{"display_name":"ALEX","author_link":"https:\/\/www.eecmr.com\/en\/author\/alex\/"},"rttpg_comment":0,"rttpg_category":"<a href=\"https:\/\/www.eecmr.com\/en\/category\/charity\/\" rel=\"category tag\">Charity<\/a>","rttpg_excerpt":"La Salle des Actes a servi de cadre, le vendredi 10 avril 2026, \u00e0 la r\u00e9union des b\u00e9n\u00e9ficiaires des subventions MEU(Mission Evang\u00e9lique Unie) au titre du premier semestre 2026. Cette rencontre strat\u00e9gique, pr\u00e9sid\u00e9e par Elie LEUWE, Directeur du D\u00e9veloppement, de la Prospective et des Projets, s\u2019inscrit dans la dynamique de suivi, d\u2019encadrement et d\u2019optimisation des&hellip;","_links":{"self":[{"href":"https:\/\/www.eecmr.com\/en\/wp-json\/wp\/v2\/posts\/1378","targetHints":{"allow":["GET"]}}],"collection":[{"href":"https:\/\/www.eecmr.com\/en\/wp-json\/wp\/v2\/posts"}],"about":[{"href":"https:\/\/www.eecmr.com\/en\/wp-json\/wp\/v2\/types\/post"}],"author":[{"embeddable":true,"href":"https:\/\/www.eecmr.com\/en\/wp-json\/wp\/v2\/users\/10"}],"replies":[{"embeddable":true,"href":"https:\/\/www.eecmr.com\/en\/wp-json\/wp\/v2\/comments?post=1378"}],"version-history":[{"count":1,"href":"https:\/\/www.eecmr.com\/en\/wp-json\/wp\/v2\/posts\/1378\/revisions"}],"predecessor-version":[{"id":1381,"href":"https:\/\/www.eecmr.com\/en\/wp-json\/wp\/v2\/posts\/1378\/revisions\/1381"}],"wp:attachment":[{"href":"https:\/\/www.eecmr.com\/en\/wp-json\/wp\/v2\/media?parent=1378"}],"wp:term":[{"taxonomy":"category","embeddable":true,"href":"https:\/\/www.eecmr.com\/en\/wp-json\/wp\/v2\/categories?post=1378"},{"taxonomy":"post_tag","embeddable":true,"href":"https:\/\/www.eecmr.com\/en\/wp-json\/wp\/v2\/tags?post=1378"}],"curies":[{"name":"wp","href":"https:\/\/api.w.org\/{rel}","templated":true}]}}