{"id":1383,"date":"2026-04-17T09:27:19","date_gmt":"2026-04-17T09:27:19","guid":{"rendered":"https:\/\/www.eecmr.com\/?p=1383"},"modified":"2026-04-17T09:31:59","modified_gmt":"2026-04-17T09:31:59","slug":"3-ans-de-refondation-un-engagement-renouvele-au-service-de-levangile","status":"publish","type":"post","link":"https:\/\/www.eecmr.com\/en\/2026\/04\/17\/3-ans-de-refondation-un-engagement-renouvele-au-service-de-levangile\/","title":{"rendered":"3 ans de Refondation : un engagement renouvel\u00e9 au service de l\u2019\u00c9vangile"},"content":{"rendered":"<figure class=\"wp-block-image size-full\"><img fetchpriority=\"high\" decoding=\"async\" width=\"720\" height=\"540\" src=\"https:\/\/www.eecmr.com\/wp-content\/uploads\/2026\/04\/image-1.png\" alt=\"\" class=\"wp-image-1384\" srcset=\"https:\/\/www.eecmr.com\/wp-content\/uploads\/2026\/04\/image-1.png 720w, https:\/\/www.eecmr.com\/wp-content\/uploads\/2026\/04\/image-1-300x225.png 300w, https:\/\/www.eecmr.com\/wp-content\/uploads\/2026\/04\/image-1-16x12.png 16w, https:\/\/www.eecmr.com\/wp-content\/uploads\/2026\/04\/image-1-80x60.png 80w\" sizes=\"(max-width: 720px) 100vw, 720px\" \/><\/figure>\n\n\n\n<p><strong>16 avril 2023 \u2013 16 avril 2026 : trois ann\u00e9es d\u00e9j\u00e0 se sont \u00e9coul\u00e9es depuis un moment historique qui a profond\u00e9ment marqu\u00e9 la vie de l\u2019\u00c9glise.<\/strong><\/p>\n\n\n\n<p>C\u2019est en effet le 16 avril 2023, \u00e0 Foumban, que le Bureau de la Refondation proc\u00e9dait \u00e0 la cons\u00e9cration de sa toute premi\u00e8re vague de pasteurs. Une c\u00e9r\u00e9monie empreinte de solennit\u00e9, mais surtout de ferveur spirituelle, qui venait concr\u00e9tiser une vision : celle d\u2019une \u00c9glise renouvel\u00e9e, fid\u00e8le \u00e0 sa mission et r\u00e9solument tourn\u00e9e vers l\u2019avenir.<\/p>\n\n\n\n<h3 class=\"wp-block-heading\"><strong>Un acte fondateur charg\u00e9 de sens<\/strong><\/h3>\n\n\n\n<p>Cette cons\u00e9cration n\u2019\u00e9tait pas un simple \u00e9v\u00e9nement liturgique. Elle s\u2019inscrivait dans une dynamique plus large de refondation, marquant un tournant d\u00e9cisif dans l\u2019histoire de l\u2019\u00c9glise. \u00c0 travers cet acte, le Bureau de la Refondation conduit par le pasteur Alexandre BILLA MBENGA posait les bases d\u2019un renouveau spirituel et institutionnel, en mettant en mission des serviteurs appel\u00e9s \u00e0 porter haut les valeurs de l\u2019\u00c9vangile.<\/p>\n\n\n\n<p>L\u2019\u00e9motion, l\u2019esp\u00e9rance et l\u2019engagement \u00e9taient palpables. Ces pasteurs au nombre de 22, consacr\u00e9s dans la pri\u00e8re et la foi, recevaient alors la lourde mais noble responsabilit\u00e9 d\u2019accompagner le peuple de Dieu dans un contexte souvent marqu\u00e9 par des d\u00e9fis multiples.<\/p>\n\n\n\n<h3 class=\"wp-block-heading\"><strong>Trois ann\u00e9es de minist\u00e8re et de d\u00e9fis<\/strong><\/h3>\n\n\n\n<p>Trois ans plus tard, le chemin parcouru t\u00e9moigne de la fid\u00e9lit\u00e9 de Dieu et de la d\u00e9termination de ses serviteurs. Ces ann\u00e9es ont \u00e9t\u00e9 jalonn\u00e9es d\u2019actions pastorales, d\u2019accompagnement des fid\u00e8les, de consolidation des communaut\u00e9s, mais aussi d\u2019\u00e9preuves qui ont mis \u00e0 l\u2019\u00e9preuve la foi et la pers\u00e9v\u00e9rance.<\/p>\n\n\n\n<p>Dans un monde en constante mutation, ces pasteurs ont su faire preuve de r\u00e9silience et d\u2019adaptation, tout en restant attach\u00e9s \u00e0 l\u2019essentiel : l\u2019annonce de la Parole et le service du prochain.<\/p>\n\n\n\n<h3 class=\"wp-block-heading\"><strong>Des gr\u00e2ces abondantes<\/strong><\/h3>\n\n\n\n<p>Malgr\u00e9 les difficult\u00e9s, le bilan est porteur d\u2019esp\u00e9rance. Des vies ont \u00e9t\u00e9 transform\u00e9es, des communaut\u00e9s ont \u00e9t\u00e9 fortifi\u00e9es, et la pr\u00e9sence de l\u2019\u00c9glise s\u2019est affirm\u00e9e dans plusieurs espaces.<\/p>\n\n\n\n<p>Ces fruits visibles et invisibles t\u00e9moignent de l\u2019\u0153uvre de Dieu \u00e0 travers ses ouvriers. Ils rappellent que toute mission, aussi exigeante soit-elle, est d\u2019abord et avant tout soutenue par la gr\u00e2ce divine.<\/p>\n\n\n\n<h3 class=\"wp-block-heading\"><strong>Un engagement \u00e0 renouveler<\/strong><\/h3>\n\n\n\n<p>Cet anniversaire n\u2019est pas seulement un moment de m\u00e9moire. Il est aussi une invitation \u00e0 se projeter. Rendre gr\u00e2ce pour le chemin parcouru, certes, mais aussi renouveler l\u2019engagement pour l\u2019avenir.<\/p>\n\n\n\n<p>L\u2019\u00c9glise est appel\u00e9e \u00e0 demeurer vivante, unie et pleinement engag\u00e9e dans sa mission d\u2019\u00e9vang\u00e9lisation et de transformation des vies. Cela passe par une mobilisation continue des serviteurs, mais aussi de l\u2019ensemble des fid\u00e8les.<\/p>\n\n\n\n<h3 class=\"wp-block-heading\"><strong>Regarder vers l\u2019avenir avec foi<\/strong><\/h3>\n\n\n\n<p>Alors que la dynamique de refondation se poursuit, une pri\u00e8re s\u2019\u00e9l\u00e8ve : que le Seigneur continue de fortifier ses ouvriers, de les inspirer et de les accompagner dans leur mission.<\/p>\n\n\n\n<p>Plus que jamais, l\u2019\u00c9glise est appel\u00e9e \u00e0 \u00eatre lumi\u00e8re et sel, fid\u00e8le \u00e0 sa vocation, enracin\u00e9e dans la foi et tourn\u00e9e vers le service.<\/p>\n\n\n\n<p><strong>Trois ans apr\u00e8s Foumban, l\u2019histoire continue de s\u2019\u00e9crire. Et l\u2019esp\u00e9rance demeure.<\/strong><\/p>","protected":false},"excerpt":{"rendered":"<p>16 avril 2023 \u2013 16 avril 2026 : trois ann\u00e9es d\u00e9j\u00e0 se sont \u00e9coul\u00e9es depuis un moment historique qui a profond\u00e9ment marqu\u00e9 la vie de l\u2019\u00c9glise. C\u2019est en effet le 16 avril 2023, \u00e0 Foumban, que le Bureau de la Refondation proc\u00e9dait \u00e0 la cons\u00e9cration de sa toute premi\u00e8re vague de pasteurs. Une c\u00e9r\u00e9monie empreinte de solennit\u00e9, mais surtout de [&hellip;]<\/p>","protected":false},"author":10,"featured_media":0,"comment_status":"open","ping_status":"open","sticky":false,"template":"","format":"standard","meta":{"footnotes":""},"categories":[1],"tags":[95,98,96,99,97],"class_list":["post-1383","post","type-post","status-publish","format-standard","hentry","category-uncategorized","tag-anniversaire","tag-avril-2023","tag-consecration-2","tag-foumban","tag-promotion-refondation"],"rttpg_featured_image_url":null,"rttpg_author":{"display_name":"ALEX","author_link":"https:\/\/www.eecmr.com\/en\/author\/alex\/"},"rttpg_comment":0,"rttpg_category":"<a href=\"https:\/\/www.eecmr.com\/en\/category\/uncategorized\/\" rel=\"category tag\">Uncategorized<\/a>","rttpg_excerpt":"16 avril 2023 \u2013 16 avril 2026 : trois ann\u00e9es d\u00e9j\u00e0 se sont \u00e9coul\u00e9es depuis un moment historique qui a profond\u00e9ment marqu\u00e9 la vie de l\u2019\u00c9glise. C\u2019est en effet le 16 avril 2023, \u00e0 Foumban, que le Bureau de la Refondation proc\u00e9dait \u00e0 la cons\u00e9cration de sa toute premi\u00e8re vague de pasteurs. Une c\u00e9r\u00e9monie empreinte&hellip;","_links":{"self":[{"href":"https:\/\/www.eecmr.com\/en\/wp-json\/wp\/v2\/posts\/1383","targetHints":{"allow":["GET"]}}],"collection":[{"href":"https:\/\/www.eecmr.com\/en\/wp-json\/wp\/v2\/posts"}],"about":[{"href":"https:\/\/www.eecmr.com\/en\/wp-json\/wp\/v2\/types\/post"}],"author":[{"embeddable":true,"href":"https:\/\/www.eecmr.com\/en\/wp-json\/wp\/v2\/users\/10"}],"replies":[{"embeddable":true,"href":"https:\/\/www.eecmr.com\/en\/wp-json\/wp\/v2\/comments?post=1383"}],"version-history":[{"count":2,"href":"https:\/\/www.eecmr.com\/en\/wp-json\/wp\/v2\/posts\/1383\/revisions"}],"predecessor-version":[{"id":1386,"href":"https:\/\/www.eecmr.com\/en\/wp-json\/wp\/v2\/posts\/1383\/revisions\/1386"}],"wp:attachment":[{"href":"https:\/\/www.eecmr.com\/en\/wp-json\/wp\/v2\/media?parent=1383"}],"wp:term":[{"taxonomy":"category","embeddable":true,"href":"https:\/\/www.eecmr.com\/en\/wp-json\/wp\/v2\/categories?post=1383"},{"taxonomy":"post_tag","embeddable":true,"href":"https:\/\/www.eecmr.com\/en\/wp-json\/wp\/v2\/tags?post=1383"}],"curies":[{"name":"wp","href":"https:\/\/api.w.org\/{rel}","templated":true}]}}