{"id":1390,"date":"2026-04-22T11:18:04","date_gmt":"2026-04-22T11:18:04","guid":{"rendered":"https:\/\/www.eecmr.com\/?p=1390"},"modified":"2026-04-22T11:18:04","modified_gmt":"2026-04-22T11:18:04","slug":"ces-hommes-qui-ont-marque-lhistoire-de-leglise-evangelique-du-cameroun-1957-1962-pasteur-paul-jocki","status":"publish","type":"post","link":"https:\/\/www.eecmr.com\/en\/2026\/04\/22\/ces-hommes-qui-ont-marque-lhistoire-de-leglise-evangelique-du-cameroun-1957-1962-pasteur-paul-jocki\/","title":{"rendered":"Ces hommes qui ont marqu\u00e9 l\u2019histoire de l\u2019\u00c9glise \u00c9vang\u00e9lique du Cameroun : 1957-1962, Pasteur Paul JOCKI"},"content":{"rendered":"<div class=\"wp-block-media-text is-stacked-on-mobile\"><figure class=\"wp-block-media-text__media\"><img fetchpriority=\"high\" decoding=\"async\" width=\"1020\" height=\"768\" src=\"https:\/\/www.eecmr.com\/wp-content\/uploads\/2026\/04\/P-J.jpeg\" alt=\"\" class=\"wp-image-1391 size-full\" srcset=\"https:\/\/www.eecmr.com\/wp-content\/uploads\/2026\/04\/P-J.jpeg 1020w, https:\/\/www.eecmr.com\/wp-content\/uploads\/2026\/04\/P-J-300x226.jpeg 300w, https:\/\/www.eecmr.com\/wp-content\/uploads\/2026\/04\/P-J-768x578.jpeg 768w, https:\/\/www.eecmr.com\/wp-content\/uploads\/2026\/04\/P-J-16x12.jpeg 16w, https:\/\/www.eecmr.com\/wp-content\/uploads\/2026\/04\/P-J-80x60.jpeg 80w\" sizes=\"(max-width: 1020px) 100vw, 1020px\" \/><\/figure><div class=\"wp-block-media-text__content\">\n<p><\/p>\n<\/div><\/div>\n\n\n\n<p>\u00c0 l\u2019aube de son organisation et de sa structuration, l\u2019<strong><em>\u00c9glise \u00c9vang\u00e9lique du Cameroun<\/em><\/strong> a pu compter sur des figures fortes, des hommes de foi et de vision qui ont pos\u00e9 les bases de son d\u00e9veloppement. Parmi eux, le Pasteur <strong>Paul JOCKI <\/strong>occupe une place de choix.<\/p>\n\n\n\n<p>\u00c0 la t\u00eate de l\u2019\u00c9glise entre 1957 et 1962, il a exerc\u00e9 son minist\u00e8re dans un contexte marqu\u00e9 par des mutations profondes, aussi bien sur le plan eccl\u00e9sial que sociopolitique. Cette p\u00e9riode, proche des ind\u00e9pendances africaines,<em> exigeait des responsables religieux une grande sagesse, un sens \u00e9lev\u00e9 du discernement et une capacit\u00e9 \u00e0 accompagner les fid\u00e8les dans un monde en pleine transformation<\/em>.<\/p>\n\n\n\n<p>Le Pasteur <strong>Paul JOCKI <\/strong>s\u2019est illustr\u00e9 par son engagement \u00e0 structurer et consolider l\u2019institution eccl\u00e9siale. Son leadership a contribu\u00e9 \u00e0 renforcer l\u2019organisation interne de l\u2019\u00c9glise, tout en affirmant son identit\u00e9 et sa mission dans la soci\u00e9t\u00e9 camerounaise naissante. Il a \u0153uvr\u00e9 \u00e0 l\u2019enracinement de l\u2019\u00c9vangile dans les r\u00e9alit\u00e9s locales, favorisant ainsi une appropriation plus profonde de la foi par les communaut\u00e9s.<\/p>\n\n\n\n<p>Homme de conviction, il a \u00e9galement su maintenir l\u2019unit\u00e9 de l\u2019\u00c9glise dans un contexte o\u00f9 les d\u00e9fis \u00e9taient nombreux. Son minist\u00e8re reste associ\u00e9 \u00e0 une p\u00e9riode fondatrice, o\u00f9 les jalons d\u2019une \u00c9glise autonome, engag\u00e9e et tourn\u00e9e vers l\u2019avenir ont \u00e9t\u00e9 pos\u00e9s.<\/p>\n\n\n\n<p>Aujourd\u2019hui encore, le souvenir du Pasteur <strong>Paul JOCKI<\/strong> demeure vivant dans la m\u00e9moire collective de l\u2019\u00c9glise \u00c9vang\u00e9lique du Cameroun. Son passage \u00e0 la t\u00eate de l\u2019institution constitue une source d\u2019inspiration pour les g\u00e9n\u00e9rations actuelles et futures, appel\u00e9es \u00e0 poursuivre l\u2019\u0153uvre avec foi, fid\u00e9lit\u00e9 et engagement.<\/p>","protected":false},"excerpt":{"rendered":"<p>\u00c0 l\u2019aube de son organisation et de sa structuration, l\u2019\u00c9glise \u00c9vang\u00e9lique du Cameroun a pu compter sur des figures fortes, des hommes de foi et de vision qui ont pos\u00e9 les bases de son d\u00e9veloppement. Parmi eux, le Pasteur Paul JOCKI occupe une place de choix. \u00c0 la t\u00eate de l\u2019\u00c9glise entre 1957 et 1962, il a exerc\u00e9 son minist\u00e8re [&hellip;]<\/p>","protected":false},"author":10,"featured_media":0,"comment_status":"open","ping_status":"open","sticky":false,"template":"","format":"standard","meta":{"footnotes":""},"categories":[1],"tags":[104,105,101,102,103],"class_list":["post-1390","post","type-post","status-publish","format-standard","hentry","category-uncategorized","tag-1957-1962","tag-autonomie","tag-figures-emblematiques","tag-paul-jocki","tag-president-deglise"],"rttpg_featured_image_url":null,"rttpg_author":{"display_name":"ALEX","author_link":"https:\/\/www.eecmr.com\/en\/author\/alex\/"},"rttpg_comment":0,"rttpg_category":"<a href=\"https:\/\/www.eecmr.com\/en\/category\/uncategorized\/\" rel=\"category tag\">Uncategorized<\/a>","rttpg_excerpt":"\u00c0 l\u2019aube de son organisation et de sa structuration, l\u2019\u00c9glise \u00c9vang\u00e9lique du Cameroun a pu compter sur des figures fortes, des hommes de foi et de vision qui ont pos\u00e9 les bases de son d\u00e9veloppement. Parmi eux, le Pasteur Paul JOCKI occupe une place de choix. \u00c0 la t\u00eate de l\u2019\u00c9glise entre 1957 et 1962,&hellip;","_links":{"self":[{"href":"https:\/\/www.eecmr.com\/en\/wp-json\/wp\/v2\/posts\/1390","targetHints":{"allow":["GET"]}}],"collection":[{"href":"https:\/\/www.eecmr.com\/en\/wp-json\/wp\/v2\/posts"}],"about":[{"href":"https:\/\/www.eecmr.com\/en\/wp-json\/wp\/v2\/types\/post"}],"author":[{"embeddable":true,"href":"https:\/\/www.eecmr.com\/en\/wp-json\/wp\/v2\/users\/10"}],"replies":[{"embeddable":true,"href":"https:\/\/www.eecmr.com\/en\/wp-json\/wp\/v2\/comments?post=1390"}],"version-history":[{"count":1,"href":"https:\/\/www.eecmr.com\/en\/wp-json\/wp\/v2\/posts\/1390\/revisions"}],"predecessor-version":[{"id":1392,"href":"https:\/\/www.eecmr.com\/en\/wp-json\/wp\/v2\/posts\/1390\/revisions\/1392"}],"wp:attachment":[{"href":"https:\/\/www.eecmr.com\/en\/wp-json\/wp\/v2\/media?parent=1390"}],"wp:term":[{"taxonomy":"category","embeddable":true,"href":"https:\/\/www.eecmr.com\/en\/wp-json\/wp\/v2\/categories?post=1390"},{"taxonomy":"post_tag","embeddable":true,"href":"https:\/\/www.eecmr.com\/en\/wp-json\/wp\/v2\/tags?post=1390"}],"curies":[{"name":"wp","href":"https:\/\/api.w.org\/{rel}","templated":true}]}}