{"id":1393,"date":"2026-04-24T17:08:56","date_gmt":"2026-04-24T17:08:56","guid":{"rendered":"https:\/\/www.eecmr.com\/?p=1393"},"modified":"2026-04-24T17:08:56","modified_gmt":"2026-04-24T17:08:56","slug":"rencontre-fraternelle-entre-leec-et-luebc","status":"publish","type":"post","link":"https:\/\/www.eecmr.com\/en\/2026\/04\/24\/rencontre-fraternelle-entre-leec-et-luebc\/","title":{"rendered":"Rencontre fraternelle entre l\u2019EEC et l\u2019UEBC"},"content":{"rendered":"<figure class=\"wp-block-image size-large\"><img fetchpriority=\"high\" decoding=\"async\" width=\"1024\" height=\"473\" src=\"https:\/\/www.eecmr.com\/wp-content\/uploads\/2026\/04\/eec-uebc-1024x473.jpg\" alt=\"\" class=\"wp-image-1394\" srcset=\"https:\/\/www.eecmr.com\/wp-content\/uploads\/2026\/04\/eec-uebc-1024x473.jpg 1024w, https:\/\/www.eecmr.com\/wp-content\/uploads\/2026\/04\/eec-uebc-300x139.jpg 300w, https:\/\/www.eecmr.com\/wp-content\/uploads\/2026\/04\/eec-uebc-768x355.jpg 768w, https:\/\/www.eecmr.com\/wp-content\/uploads\/2026\/04\/eec-uebc-18x8.jpg 18w, https:\/\/www.eecmr.com\/wp-content\/uploads\/2026\/04\/eec-uebc.jpg 1280w\" sizes=\"(max-width: 1024px) 100vw, 1024px\" \/><\/figure>\n\n\n\n<p>Ce vendredi 24 avril, le Bureau National de l\u2019\u00c9glise \u00c9vang\u00e9lique du Cameroun (EEC) a re\u00e7u le nouveau bureau national de l\u2019Union des \u00c9glises Baptistes du Cameroun (<strong>UEBC<\/strong>), dans une atmosph\u00e8re empreinte de communion et d\u2019esp\u00e9rance.<\/p>\n\n\n\n<p>Au nom de l\u2019EEC, le 2e Vice-Pr\u00e9sident charg\u00e9 des \u0153uvres, l\u2019Ancien d\u2019\u00c9glise Pascal BAUNI KAMGA, a exprim\u00e9 une joie sinc\u00e8re d\u2019accueillir cette nouvelle \u00e9quipe dirigeante, rendant gr\u00e2ce \u00e0 Dieu pour la sortie de crise et saluant leur engagement au service de l\u2019\u00c9glise.<br>Il a rappel\u00e9 les liens historiques de solidarit\u00e9 entre les deux communaut\u00e9s, tout en soulignant que cette nouvelle \u00e9tape appelle \u00e0 un travail profond de r\u00e9conciliation, fond\u00e9 sur l\u2019\u00e9coute, la transparence et l\u2019humilit\u00e9.<\/p>\n\n\n\n<p>Dans cet \u00e9lan, il a \u00e9t\u00e9 rappel\u00e9 que<strong> l\u2019EEC et l\u2019UEBC<\/strong> sont toutes deux membres du Conseil des \u00c9glises Protestantes du Cameroun (<strong>CEPCA<\/strong>), un cadre qui renforce leur appel \u00e0 l\u2019unit\u00e9, \u00e0 la collaboration et au t\u00e9moignage commun.<br>L\u2019EEC a ainsi r\u00e9affirm\u00e9 sa volont\u00e9 de transformer cette fraternit\u00e9 en actions concr\u00e8tes, \u00e0 travers des projets communs et un partenariat renforc\u00e9, pour le rayonnement de la foi et le bien de la nation.<\/p>\n\n\n\n<p>De son c\u00f4t\u00e9, le Pr\u00e9sident G\u00e9n\u00e9ral de l\u2019UEBC, le R\u00e9v\u00e9rend <strong>Rapha\u00ebl ZILOUA ZOUMVOUTA<\/strong> , s\u2019est r\u00e9joui de cette rencontre fraternelle. Il a exprim\u00e9 sa gratitude envers le bureau de l\u2019EEC pour cet accueil chaleureux, tout en formulant le v\u0153u de voir cette collaboration renforcer les liens entre les deux \u00c9glises et b\u00e9n\u00e9ficier de conseils pr\u00e9cieux pour l\u2019accomplissement de leur mission.<\/p>\n\n\n\n<p>La rencontre s\u2019est tenue en pr\u00e9sence du Pr\u00e9sident de l\u2019EEC, le Pasteur <strong>Alexandre BILLA MBENGA.<\/strong><\/p>\n\n\n\n<p><\/p>","protected":false},"excerpt":{"rendered":"<p>Ce vendredi 24 avril, le Bureau National de l\u2019\u00c9glise \u00c9vang\u00e9lique du Cameroun (EEC) a re\u00e7u le nouveau bureau national de l\u2019Union des \u00c9glises Baptistes du Cameroun (UEBC), dans une atmosph\u00e8re empreinte de communion et d\u2019esp\u00e9rance. Au nom de l\u2019EEC, le 2e Vice-Pr\u00e9sident charg\u00e9 des \u0153uvres, l\u2019Ancien d\u2019\u00c9glise Pascal BAUNI KAMGA, a exprim\u00e9 une joie sinc\u00e8re d\u2019accueillir cette nouvelle \u00e9quipe dirigeante, [&hellip;]<\/p>","protected":false},"author":10,"featured_media":0,"comment_status":"open","ping_status":"open","sticky":false,"template":"","format":"standard","meta":{"footnotes":""},"categories":[1],"tags":[66,107,106],"class_list":["post-1393","post","type-post","status-publish","format-standard","hentry","category-uncategorized","tag-eec","tag-rencontre-fraternelle","tag-uebc"],"rttpg_featured_image_url":null,"rttpg_author":{"display_name":"ALEX","author_link":"https:\/\/www.eecmr.com\/en\/author\/alex\/"},"rttpg_comment":0,"rttpg_category":"<a href=\"https:\/\/www.eecmr.com\/en\/category\/uncategorized\/\" rel=\"category tag\">Uncategorized<\/a>","rttpg_excerpt":"Ce vendredi 24 avril, le Bureau National de l\u2019\u00c9glise \u00c9vang\u00e9lique du Cameroun (EEC) a re\u00e7u le nouveau bureau national de l\u2019Union des \u00c9glises Baptistes du Cameroun (UEBC), dans une atmosph\u00e8re empreinte de communion et d\u2019esp\u00e9rance. Au nom de l\u2019EEC, le 2e Vice-Pr\u00e9sident charg\u00e9 des \u0153uvres, l\u2019Ancien d\u2019\u00c9glise Pascal BAUNI KAMGA, a exprim\u00e9 une joie sinc\u00e8re&hellip;","_links":{"self":[{"href":"https:\/\/www.eecmr.com\/en\/wp-json\/wp\/v2\/posts\/1393","targetHints":{"allow":["GET"]}}],"collection":[{"href":"https:\/\/www.eecmr.com\/en\/wp-json\/wp\/v2\/posts"}],"about":[{"href":"https:\/\/www.eecmr.com\/en\/wp-json\/wp\/v2\/types\/post"}],"author":[{"embeddable":true,"href":"https:\/\/www.eecmr.com\/en\/wp-json\/wp\/v2\/users\/10"}],"replies":[{"embeddable":true,"href":"https:\/\/www.eecmr.com\/en\/wp-json\/wp\/v2\/comments?post=1393"}],"version-history":[{"count":1,"href":"https:\/\/www.eecmr.com\/en\/wp-json\/wp\/v2\/posts\/1393\/revisions"}],"predecessor-version":[{"id":1395,"href":"https:\/\/www.eecmr.com\/en\/wp-json\/wp\/v2\/posts\/1393\/revisions\/1395"}],"wp:attachment":[{"href":"https:\/\/www.eecmr.com\/en\/wp-json\/wp\/v2\/media?parent=1393"}],"wp:term":[{"taxonomy":"category","embeddable":true,"href":"https:\/\/www.eecmr.com\/en\/wp-json\/wp\/v2\/categories?post=1393"},{"taxonomy":"post_tag","embeddable":true,"href":"https:\/\/www.eecmr.com\/en\/wp-json\/wp\/v2\/tags?post=1393"}],"curies":[{"name":"wp","href":"https:\/\/api.w.org\/{rel}","templated":true}]}}