{"id":1396,"date":"2026-04-27T10:37:27","date_gmt":"2026-04-27T10:37:27","guid":{"rendered":"https:\/\/www.eecmr.com\/?p=1396"},"modified":"2026-04-27T10:37:27","modified_gmt":"2026-04-27T10:37:27","slug":"ces-hommes-qui-ont-marque-lhistoire-de-leglise-evangelique-du-cameroun-1962-1977-pasteur-elie-mondjo","status":"publish","type":"post","link":"https:\/\/www.eecmr.com\/en\/2026\/04\/27\/ces-hommes-qui-ont-marque-lhistoire-de-leglise-evangelique-du-cameroun-1962-1977-pasteur-elie-mondjo\/","title":{"rendered":"Ces hommes qui ont marqu\u00e9 l\u2019histoire de l\u2019\u00c9glise \u00c9vang\u00e9lique du Cameroun : 1962-1977, Pasteur Elie MONDJO"},"content":{"rendered":"<div class=\"wp-block-media-text is-stacked-on-mobile\"><figure class=\"wp-block-media-text__media\"><img fetchpriority=\"high\" decoding=\"async\" width=\"1024\" height=\"771\" src=\"https:\/\/www.eecmr.com\/wp-content\/uploads\/2026\/04\/PXL_20260219_1447217172-1024x771.jpg\" alt=\"\" class=\"wp-image-1397 size-full\" srcset=\"https:\/\/www.eecmr.com\/wp-content\/uploads\/2026\/04\/PXL_20260219_1447217172-1024x771.jpg 1024w, https:\/\/www.eecmr.com\/wp-content\/uploads\/2026\/04\/PXL_20260219_1447217172-300x226.jpg 300w, https:\/\/www.eecmr.com\/wp-content\/uploads\/2026\/04\/PXL_20260219_1447217172-768x578.jpg 768w, https:\/\/www.eecmr.com\/wp-content\/uploads\/2026\/04\/PXL_20260219_1447217172-1536x1157.jpg 1536w, https:\/\/www.eecmr.com\/wp-content\/uploads\/2026\/04\/PXL_20260219_1447217172-2048x1542.jpg 2048w, https:\/\/www.eecmr.com\/wp-content\/uploads\/2026\/04\/PXL_20260219_1447217172-16x12.jpg 16w, https:\/\/www.eecmr.com\/wp-content\/uploads\/2026\/04\/PXL_20260219_1447217172-80x60.jpg 80w\" sizes=\"(max-width: 1024px) 100vw, 1024px\" \/><\/figure><div class=\"wp-block-media-text__content\">\n<p><\/p>\n<\/div><\/div>\n\n\n\n<p>Dans la continuit\u00e9 de son enracinement et de son affirmation, l\u2019\u00c9glise \u00c9vang\u00e9lique du Cameroun a connu, entre 1962 et 1977, une \u00e9tape d\u00e9terminante sous la conduite du Pasteur Elie MONDJO.<\/p>\n\n\n\n<p>Succ\u00e9dant \u00e0 une p\u00e9riode fondatrice, son minist\u00e8re s\u2019inscrit dans une dynamique de consolidation et d\u2019expansion. \u00c0 une \u00e9poque o\u00f9 le Cameroun nouvellement ind\u00e9pendant construisait ses rep\u00e8res, l\u2019\u00c9glise devait elle aussi affirmer sa place, structurer ses actions et renforcer son influence spirituelle et sociale. Le Pasteur Elie MONDJO a su r\u00e9pondre \u00e0 ces enjeux avec engagement et clairvoyance.<\/p>\n\n\n\n<p>Son leadership a \u00e9t\u00e9 marqu\u00e9 par un souci constant d\u2019organisation et de d\u00e9veloppement. Il a contribu\u00e9 \u00e0 \u00e9tendre l\u2019implantation de l\u2019\u00c9glise \u00e0 travers le territoire, favorisant la cr\u00e9ation de nouvelles paroisses et le renforcement des communaut\u00e9s existantes. Son action a \u00e9galement port\u00e9 sur la formation des cadres eccl\u00e9siaux, afin de doter l\u2019\u00c9glise de responsables capables d\u2019assumer les d\u00e9fis pastoraux d\u2019un pays en pleine mutation.<\/p>\n\n\n\n<p>Homme de foi et de vision, il a \u0153uvr\u00e9 \u00e0 l\u2019enracinement durable de l\u2019\u00c9vangile dans les r\u00e9alit\u00e9s culturelles locales, tout en veillant \u00e0 pr\u00e9server l\u2019unit\u00e9 de l\u2019\u00c9glise. Sous son magist\u00e8re, l\u2019EEC a gagn\u00e9 en maturit\u00e9 institutionnelle et en rayonnement, affirmant davantage son r\u00f4le dans la soci\u00e9t\u00e9 camerounaise.<\/p>\n\n\n\n<p>Le passage du Pasteur Elie MONDJO \u00e0 la t\u00eate de l\u2019\u00c9glise \u00c9vang\u00e9lique du Cameroun reste ainsi associ\u00e9 \u00e0 une p\u00e9riode de croissance et de structuration. Son h\u00e9ritage continue d\u2019inspirer l\u2019\u00c9glise, appel\u00e9e \u00e0 poursuivre sa mission avec fid\u00e9lit\u00e9, dans un esprit de service et d\u2019engagement.<\/p>","protected":false},"excerpt":{"rendered":"<p>Dans la continuit\u00e9 de son enracinement et de son affirmation, l\u2019\u00c9glise \u00c9vang\u00e9lique du Cameroun a connu, entre 1962 et 1977, une \u00e9tape d\u00e9terminante sous la conduite du Pasteur Elie MONDJO. Succ\u00e9dant \u00e0 une p\u00e9riode fondatrice, son minist\u00e8re s\u2019inscrit dans une dynamique de consolidation et d\u2019expansion. \u00c0 une \u00e9poque o\u00f9 le Cameroun nouvellement ind\u00e9pendant construisait ses rep\u00e8res, l\u2019\u00c9glise devait elle aussi [&hellip;]<\/p>","protected":false},"author":10,"featured_media":0,"comment_status":"open","ping_status":"open","sticky":false,"template":"","format":"standard","meta":{"footnotes":""},"categories":[2],"tags":[110,66,109,108],"class_list":["post-1396","post","type-post","status-publish","format-standard","hentry","category-blog","tag-1962-1977","tag-eec","tag-elie-mondjo","tag-histoire"],"rttpg_featured_image_url":null,"rttpg_author":{"display_name":"ALEX","author_link":"https:\/\/www.eecmr.com\/en\/author\/alex\/"},"rttpg_comment":0,"rttpg_category":"<a href=\"https:\/\/www.eecmr.com\/en\/category\/blog\/\" rel=\"category tag\">Blog<\/a>","rttpg_excerpt":"Dans la continuit\u00e9 de son enracinement et de son affirmation, l\u2019\u00c9glise \u00c9vang\u00e9lique du Cameroun a connu, entre 1962 et 1977, une \u00e9tape d\u00e9terminante sous la conduite du Pasteur Elie MONDJO. Succ\u00e9dant \u00e0 une p\u00e9riode fondatrice, son minist\u00e8re s\u2019inscrit dans une dynamique de consolidation et d\u2019expansion. \u00c0 une \u00e9poque o\u00f9 le Cameroun nouvellement ind\u00e9pendant construisait ses&hellip;","_links":{"self":[{"href":"https:\/\/www.eecmr.com\/en\/wp-json\/wp\/v2\/posts\/1396","targetHints":{"allow":["GET"]}}],"collection":[{"href":"https:\/\/www.eecmr.com\/en\/wp-json\/wp\/v2\/posts"}],"about":[{"href":"https:\/\/www.eecmr.com\/en\/wp-json\/wp\/v2\/types\/post"}],"author":[{"embeddable":true,"href":"https:\/\/www.eecmr.com\/en\/wp-json\/wp\/v2\/users\/10"}],"replies":[{"embeddable":true,"href":"https:\/\/www.eecmr.com\/en\/wp-json\/wp\/v2\/comments?post=1396"}],"version-history":[{"count":1,"href":"https:\/\/www.eecmr.com\/en\/wp-json\/wp\/v2\/posts\/1396\/revisions"}],"predecessor-version":[{"id":1398,"href":"https:\/\/www.eecmr.com\/en\/wp-json\/wp\/v2\/posts\/1396\/revisions\/1398"}],"wp:attachment":[{"href":"https:\/\/www.eecmr.com\/en\/wp-json\/wp\/v2\/media?parent=1396"}],"wp:term":[{"taxonomy":"category","embeddable":true,"href":"https:\/\/www.eecmr.com\/en\/wp-json\/wp\/v2\/categories?post=1396"},{"taxonomy":"post_tag","embeddable":true,"href":"https:\/\/www.eecmr.com\/en\/wp-json\/wp\/v2\/tags?post=1396"}],"curies":[{"name":"wp","href":"https:\/\/api.w.org\/{rel}","templated":true}]}}